{"id":1383,"date":"2019-03-15T23:14:07","date_gmt":"2019-03-15T22:14:07","guid":{"rendered":"http:\/\/strasbourgeauxvives.org\/site\/?p=1383"},"modified":"2019-05-04T21:54:45","modified_gmt":"2019-05-04T19:54:45","slug":"championnat-de-france-universitaire","status":"publish","type":"post","link":"https:\/\/www.strasbourgeauxvives.org\/site\/index.php\/2019\/03\/15\/championnat-de-france-universitaire\/","title":{"rendered":"Championnat de France Universitaire"},"content":{"rendered":"<p>CHAMPIONNAT DE FRANCE UNIVERSITAIRE &#8211; 4 athl\u00e8tes, 4 m\u00e9dailles, un bilan tr\u00e8s positif pour d\u00e9buter la saison sportive !<br \/>\n&#8211; Champion de France universitaire K2 Mixte avec Margaux Briswalter et\u00a0Antoine Carreaud ! <span class=\"_5mfr\"><span class=\"_6qdm\">\ud83e\udd47<\/span><\/span><br \/>\n&#8211; Margaux Briswalter 3\u00e8me K1 Course en ligne <span class=\"_5mfr\"><span class=\"_6qdm\">\ud83e\udd49<\/span><\/span><br \/>\n&#8211; Robin Godel 3\u00e8me K1 descente <span class=\"_5mfr\"><span class=\"_6qdm\">\ud83e\udd49<\/span><\/span><br \/>\n&#8211; Nicolas Dalleau 3\u00e8me C1 descente <span class=\"_5mfr\"><span class=\"_6qdm\">\ud83e\udd49<\/span><\/span><\/p>\n<p><span style=\"font-size: 18px; font-family: 'Source Sans Pro', sans-serif;\">Bravo pour vos belles performances !<\/span><\/p>\n<p><img loading=\"lazy\" decoding=\"async\" class=\" wp-image-1403 aligncenter\" src=\"http:\/\/strasbourgeauxvives.org\/site\/wp-content\/uploads\/2019\/03\/53889944_753499515023602_8328346490690863104_o.jpg\" alt=\"\" width=\"408\" height=\"544\" srcset=\"https:\/\/www.strasbourgeauxvives.org\/site\/wp-content\/uploads\/2019\/03\/53889944_753499515023602_8328346490690863104_o.jpg 1512w, https:\/\/www.strasbourgeauxvives.org\/site\/wp-content\/uploads\/2019\/03\/53889944_753499515023602_8328346490690863104_o-225x300.jpg 225w, https:\/\/www.strasbourgeauxvives.org\/site\/wp-content\/uploads\/2019\/03\/53889944_753499515023602_8328346490690863104_o-768x1024.jpg 768w, https:\/\/www.strasbourgeauxvives.org\/site\/wp-content\/uploads\/2019\/03\/53889944_753499515023602_8328346490690863104_o-1024x1365.jpg 1024w, https:\/\/www.strasbourgeauxvives.org\/site\/wp-content\/uploads\/2019\/03\/53889944_753499515023602_8328346490690863104_o-810x1080.jpg 810w\" sizes=\"auto, (max-width: 408px) 100vw, 408px\" \/><\/p>\n","protected":false},"excerpt":{"rendered":"<p>CHAMPIONNAT DE FRANCE UNIVERSITAIRE &#8211; 4 athl\u00e8tes, 4 m\u00e9dailles, un bilan tr\u00e8s positif pour d\u00e9buter la saison sportive ! &#8211; Champion de France universitaire K2 Mixte avec Margaux Briswalter et\u00a0Antoine Carreaud ! \ud83e\udd47 &#8211; Margaux Briswalter 3\u00e8me K1 Course en ligne \ud83e\udd49 &#8211; Robin Godel 3\u00e8me K1 descente \ud83e\udd49 &#8211; Nicolas Dalleau 3\u00e8me C1 descente&hellip; <br \/> <a class=\"button small blue\" href=\"https:\/\/www.strasbourgeauxvives.org\/site\/index.php\/2019\/03\/15\/championnat-de-france-universitaire\/\">Lire la suite<\/a><\/p>\n","protected":false},"author":2,"featured_media":0,"comment_status":"open","ping_status":"open","sticky":false,"template":"","format":"standard","meta":{"_jetpack_memberships_contains_paid_content":false,"footnotes":""},"categories":[4],"tags":[],"class_list":["post-1383","post","type-post","status-publish","format-standard","hentry","category-classe"],"jetpack_featured_media_url":"","jetpack_sharing_enabled":true,"_links":{"self":[{"href":"https:\/\/www.strasbourgeauxvives.org\/site\/index.php\/wp-json\/wp\/v2\/posts\/1383","targetHints":{"allow":["GET"]}}],"collection":[{"href":"https:\/\/www.strasbourgeauxvives.org\/site\/index.php\/wp-json\/wp\/v2\/posts"}],"about":[{"href":"https:\/\/www.strasbourgeauxvives.org\/site\/index.php\/wp-json\/wp\/v2\/types\/post"}],"author":[{"embeddable":true,"href":"https:\/\/www.strasbourgeauxvives.org\/site\/index.php\/wp-json\/wp\/v2\/users\/2"}],"replies":[{"embeddable":true,"href":"https:\/\/www.strasbourgeauxvives.org\/site\/index.php\/wp-json\/wp\/v2\/comments?post=1383"}],"version-history":[{"count":0,"href":"https:\/\/www.strasbourgeauxvives.org\/site\/index.php\/wp-json\/wp\/v2\/posts\/1383\/revisions"}],"wp:attachment":[{"href":"https:\/\/www.strasbourgeauxvives.org\/site\/index.php\/wp-json\/wp\/v2\/media?parent=1383"}],"wp:term":[{"taxonomy":"category","embeddable":true,"href":"https:\/\/www.strasbourgeauxvives.org\/site\/index.php\/wp-json\/wp\/v2\/categories?post=1383"},{"taxonomy":"post_tag","embeddable":true,"href":"https:\/\/www.strasbourgeauxvives.org\/site\/index.php\/wp-json\/wp\/v2\/tags?post=1383"}],"curies":[{"name":"wp","href":"https:\/\/api.w.org\/{rel}","templated":true}]}}