{"id":2240,"date":"2019-04-23T21:20:05","date_gmt":"2019-04-23T19:20:05","guid":{"rendered":"http:\/\/strasbourgeauxvives.org\/site\/?p=2240"},"modified":"2019-05-24T07:14:10","modified_gmt":"2019-05-24T05:14:10","slug":"europe-descente-2019","status":"publish","type":"post","link":"https:\/\/www.strasbourgeauxvives.org\/site\/index.php\/2019\/04\/23\/europe-descente-2019\/","title":{"rendered":"S\u00e9lection championnat d&rsquo;Europe descente"},"content":{"rendered":"<p>Apr\u00e8s un week-end de s\u00e9lective \u00e0 Foix le 21 et 22 avril, Quentin Dazeur est officiellement s\u00e9lectionn\u00e9 en C2. Il sera associ\u00e9 \u00e0 St\u00e9phane Santamaria pour les championnats d&rsquo;Europe qui se d\u00e9rouleront du 14 au 18 mai \u00e0 Bovec en Slov\u00e9nie. <span class=\"_5mfr\"><span class=\"_6qdm\">\ud83c\uddf8\ud83c\uddee<\/span><\/span><\/p>\n<p>Malheureusement il ne se s\u00e9lectionne pas en individuel cette ann\u00e9e pour les championnats d&rsquo;Europe. Malgr\u00e9 deux belles courses individuelles tr\u00e8s engag\u00e9es, ses 2\u00e8me et 3\u00e8me place ne sont pas suffisantes.<\/p>\n<p style=\"text-align: center;\"><a href=\"https:\/\/www.ffck.org\/2019\/04\/23\/liste-des-athletes-retenus-pour-le-championnat-deurope-senior\/?fbclid=IwAR2kPcJ_IdzYdqEkFkRPhNERKRfOA3cKfJLeBZDpSLU7Z1GIQA6b6gbIu3M\" target=\"_blank\" rel=\"noopener\">Lien FFCK s\u00e9lection \u00e9quipe de France 2019<\/a><\/p>\n<p><img loading=\"lazy\" decoding=\"async\" class=\"size-full wp-image-2242 aligncenter\" src=\"http:\/\/strasbourgeauxvives.org\/site\/wp-content\/uploads\/2019\/04\/58835382_2260620990642976_8352843253275426816_o.jpg\" alt=\"\" width=\"2000\" height=\"1333\" srcset=\"https:\/\/www.strasbourgeauxvives.org\/site\/wp-content\/uploads\/2019\/04\/58835382_2260620990642976_8352843253275426816_o.jpg 2000w, https:\/\/www.strasbourgeauxvives.org\/site\/wp-content\/uploads\/2019\/04\/58835382_2260620990642976_8352843253275426816_o-300x200.jpg 300w, https:\/\/www.strasbourgeauxvives.org\/site\/wp-content\/uploads\/2019\/04\/58835382_2260620990642976_8352843253275426816_o-768x512.jpg 768w, https:\/\/www.strasbourgeauxvives.org\/site\/wp-content\/uploads\/2019\/04\/58835382_2260620990642976_8352843253275426816_o-1024x682.jpg 1024w, https:\/\/www.strasbourgeauxvives.org\/site\/wp-content\/uploads\/2019\/04\/58835382_2260620990642976_8352843253275426816_o-1620x1080.jpg 1620w\" sizes=\"auto, (max-width: 2000px) 100vw, 2000px\" \/><\/p>\n","protected":false},"excerpt":{"rendered":"<p>Apr\u00e8s un week-end de s\u00e9lective \u00e0 Foix le 21 et 22 avril, Quentin Dazeur est officiellement s\u00e9lectionn\u00e9 en C2. Il sera associ\u00e9 \u00e0 St\u00e9phane Santamaria pour les championnats d&rsquo;Europe qui se d\u00e9rouleront du 14 au 18 mai \u00e0 Bovec en Slov\u00e9nie. \ud83c\uddf8\ud83c\uddee Malheureusement il ne se s\u00e9lectionne pas en individuel cette ann\u00e9e pour les championnats&hellip; <br \/> <a class=\"button small blue\" href=\"https:\/\/www.strasbourgeauxvives.org\/site\/index.php\/2019\/04\/23\/europe-descente-2019\/\">Lire la suite<\/a><\/p>\n","protected":false},"author":2,"featured_media":0,"comment_status":"open","ping_status":"open","sticky":false,"template":"","format":"standard","meta":{"_jetpack_memberships_contains_paid_content":false,"footnotes":""},"categories":[4],"tags":[],"class_list":["post-2240","post","type-post","status-publish","format-standard","hentry","category-classe"],"jetpack_featured_media_url":"","jetpack_sharing_enabled":true,"_links":{"self":[{"href":"https:\/\/www.strasbourgeauxvives.org\/site\/index.php\/wp-json\/wp\/v2\/posts\/2240","targetHints":{"allow":["GET"]}}],"collection":[{"href":"https:\/\/www.strasbourgeauxvives.org\/site\/index.php\/wp-json\/wp\/v2\/posts"}],"about":[{"href":"https:\/\/www.strasbourgeauxvives.org\/site\/index.php\/wp-json\/wp\/v2\/types\/post"}],"author":[{"embeddable":true,"href":"https:\/\/www.strasbourgeauxvives.org\/site\/index.php\/wp-json\/wp\/v2\/users\/2"}],"replies":[{"embeddable":true,"href":"https:\/\/www.strasbourgeauxvives.org\/site\/index.php\/wp-json\/wp\/v2\/comments?post=2240"}],"version-history":[{"count":0,"href":"https:\/\/www.strasbourgeauxvives.org\/site\/index.php\/wp-json\/wp\/v2\/posts\/2240\/revisions"}],"wp:attachment":[{"href":"https:\/\/www.strasbourgeauxvives.org\/site\/index.php\/wp-json\/wp\/v2\/media?parent=2240"}],"wp:term":[{"taxonomy":"category","embeddable":true,"href":"https:\/\/www.strasbourgeauxvives.org\/site\/index.php\/wp-json\/wp\/v2\/categories?post=2240"},{"taxonomy":"post_tag","embeddable":true,"href":"https:\/\/www.strasbourgeauxvives.org\/site\/index.php\/wp-json\/wp\/v2\/tags?post=2240"}],"curies":[{"name":"wp","href":"https:\/\/api.w.org\/{rel}","templated":true}]}}