{"id":2333,"date":"2019-05-07T14:03:46","date_gmt":"2019-05-07T12:03:46","guid":{"rendered":"http:\/\/strasbourgeauxvives.org\/site\/?p=2333"},"modified":"2019-06-25T20:54:50","modified_gmt":"2019-06-25T18:54:50","slug":"championnat-deurope-de-marathon","status":"publish","type":"post","link":"https:\/\/www.strasbourgeauxvives.org\/site\/index.php\/2019\/05\/07\/championnat-deurope-de-marathon\/","title":{"rendered":"Championnat d&rsquo;Europe de marathon"},"content":{"rendered":"<p>Am\u00e9lie Le Sclotour (S\u00e9nior) et Yann Wagner (U18) se s\u00e9lectionnent en \u00e9quipe de France marathon pour la saison 2019.<\/p>\n<p>Au programme pour nos athl\u00e8tes :<\/p>\n<ul>\n<li style=\"text-align: left;\">Coupe du monde \u00e0 Sandvika (Norv\u00e8ge) pour Am\u00e9lie uniquement du 30 mai au 3 juin.<\/li>\n<li style=\"text-align: left;\">Championnat d&rsquo;Europe \u00e0 Decize (France) du 20 au 27 juillet.<\/li>\n<li style=\"text-align: left;\">Championnats du monde \u00e0 Shaoxing (Chine) du 11 octobre au 21 octobre <em>(Sous r\u00e9serve des performances lors des championnats d&rsquo;Europe).\u00a0<\/em><\/li>\n<\/ul>\n<p>F\u00e9licitations \u00e0 eux et bonne continuation dans la pr\u00e9paration sportive !<\/p>\n<p style=\"text-align: center;\"><a href=\"http:\/\/www.ffck.org\/2019\/05\/07\/equipe-de-france-de-marathon-2019\/?fbclid=IwAR1sh8x_aRVGfgdri5HQbUiwJZJ8oDk3lFXKxmUf4iEFpkJcCTge-AurLJ4\" target=\"_blank\" rel=\"noopener\">Lien FFCK Equipe de France 2019<\/a><\/p>\n<p><img loading=\"lazy\" decoding=\"async\" class=\"size-full wp-image-2335 aligncenter\" src=\"http:\/\/strasbourgeauxvives.org\/site\/wp-content\/uploads\/2019\/05\/IMG_1088.jpg\" alt=\"\" width=\"2048\" height=\"2048\" srcset=\"https:\/\/www.strasbourgeauxvives.org\/site\/wp-content\/uploads\/2019\/05\/IMG_1088.jpg 2048w, https:\/\/www.strasbourgeauxvives.org\/site\/wp-content\/uploads\/2019\/05\/IMG_1088-150x150.jpg 150w, https:\/\/www.strasbourgeauxvives.org\/site\/wp-content\/uploads\/2019\/05\/IMG_1088-300x300.jpg 300w, https:\/\/www.strasbourgeauxvives.org\/site\/wp-content\/uploads\/2019\/05\/IMG_1088-768x768.jpg 768w, https:\/\/www.strasbourgeauxvives.org\/site\/wp-content\/uploads\/2019\/05\/IMG_1088-1024x1024.jpg 1024w, https:\/\/www.strasbourgeauxvives.org\/site\/wp-content\/uploads\/2019\/05\/IMG_1088-1080x1080.jpg 1080w\" sizes=\"auto, (max-width: 2048px) 100vw, 2048px\" \/><\/p>\n","protected":false},"excerpt":{"rendered":"<p>Am\u00e9lie Le Sclotour (S\u00e9nior) et Yann Wagner (U18) se s\u00e9lectionnent en \u00e9quipe de France marathon pour la saison 2019. Au programme pour nos athl\u00e8tes : Coupe du monde \u00e0 Sandvika (Norv\u00e8ge) pour Am\u00e9lie uniquement du 30 mai au 3 juin. Championnat d&rsquo;Europe \u00e0 Decize (France) du 20 au 27 juillet. Championnats du monde \u00e0 Shaoxing&hellip; <br \/> <a class=\"button small blue\" href=\"https:\/\/www.strasbourgeauxvives.org\/site\/index.php\/2019\/05\/07\/championnat-deurope-de-marathon\/\">Lire la suite<\/a><\/p>\n","protected":false},"author":2,"featured_media":0,"comment_status":"open","ping_status":"open","sticky":false,"template":"","format":"standard","meta":{"_jetpack_memberships_contains_paid_content":false,"footnotes":""},"categories":[4],"tags":[],"class_list":["post-2333","post","type-post","status-publish","format-standard","hentry","category-classe"],"jetpack_featured_media_url":"","jetpack_sharing_enabled":true,"_links":{"self":[{"href":"https:\/\/www.strasbourgeauxvives.org\/site\/index.php\/wp-json\/wp\/v2\/posts\/2333","targetHints":{"allow":["GET"]}}],"collection":[{"href":"https:\/\/www.strasbourgeauxvives.org\/site\/index.php\/wp-json\/wp\/v2\/posts"}],"about":[{"href":"https:\/\/www.strasbourgeauxvives.org\/site\/index.php\/wp-json\/wp\/v2\/types\/post"}],"author":[{"embeddable":true,"href":"https:\/\/www.strasbourgeauxvives.org\/site\/index.php\/wp-json\/wp\/v2\/users\/2"}],"replies":[{"embeddable":true,"href":"https:\/\/www.strasbourgeauxvives.org\/site\/index.php\/wp-json\/wp\/v2\/comments?post=2333"}],"version-history":[{"count":0,"href":"https:\/\/www.strasbourgeauxvives.org\/site\/index.php\/wp-json\/wp\/v2\/posts\/2333\/revisions"}],"wp:attachment":[{"href":"https:\/\/www.strasbourgeauxvives.org\/site\/index.php\/wp-json\/wp\/v2\/media?parent=2333"}],"wp:term":[{"taxonomy":"category","embeddable":true,"href":"https:\/\/www.strasbourgeauxvives.org\/site\/index.php\/wp-json\/wp\/v2\/categories?post=2333"},{"taxonomy":"post_tag","embeddable":true,"href":"https:\/\/www.strasbourgeauxvives.org\/site\/index.php\/wp-json\/wp\/v2\/tags?post=2333"}],"curies":[{"name":"wp","href":"https:\/\/api.w.org\/{rel}","templated":true}]}}