{"id":2428,"date":"2019-05-24T07:08:32","date_gmt":"2019-05-24T05:08:32","guid":{"rendered":"http:\/\/strasbourgeauxvives.org\/site\/?p=2428"},"modified":"2019-06-25T20:55:11","modified_gmt":"2019-06-25T18:55:11","slug":"equipe-de-france-course-en-ligne-2019","status":"publish","type":"post","link":"https:\/\/www.strasbourgeauxvives.org\/site\/index.php\/2019\/05\/24\/equipe-de-france-course-en-ligne-2019\/","title":{"rendered":"Equipe de France Course en ligne 2019"},"content":{"rendered":"<p>La F\u00e9d\u00e9ration Fran\u00e7aise de Cano\u00eb-Kayak (FFCK) a sortie la liste officielle des s\u00e9lectionn\u00e9s en \u00e9quipe de France pour la saison 2019. 3 de nos membres int\u00e8grent le collectif France : Margaux Briswalter (K1 U23), Yann Wagner (K1 Junior) et Tom S\u00e9gaux (C1 Junior) ! Bravo \u00e0 eux pour cette s\u00e9lection et aux entra\u00eeneurs Yannick Marage et Antoine Esnol.<\/p>\n<p>Au programme les championnats d&rsquo;Europe en R\u00e9publique Tch\u00e8que en juillet et les championnats du monde d\u00e9but ao\u00fbt en Roumanie. Margaux quant \u00e0 elle sera d\u00e9j\u00e0 align\u00e9e la semaine prochaine sur une coupe du monde en Allemagne.<\/p>\n<p>Avec cette s\u00e9lection Strasbourg Eaux-Vives compte d\u00e9sormais 5 membres en \u00e9quipe de France pour la saison 2019. Am\u00e9lie Le Sclotour en marathon et Quentin Dazeur en descente ainsi qu&rsquo;une dizaine de jeunes en liste Espoirs.<\/p>\n<p style=\"text-align: center;\"><a href=\"https:\/\/www.ffck.org\/2019\/05\/23\/equipe-de-france-u18-et-u23-2019\/?fbclid=IwAR123q2WlYIijH-90RPS1-b7Qk2hjlsixJcXsRPlYjQyxhdnvKZ6ERPNtMY\" target=\"_blank\" rel=\"noopener\">Lien FFCK Equipe de France 2019<\/a><\/p>\n","protected":false},"excerpt":{"rendered":"<p>La F\u00e9d\u00e9ration Fran\u00e7aise de Cano\u00eb-Kayak (FFCK) a sortie la liste officielle des s\u00e9lectionn\u00e9s en \u00e9quipe de France pour la saison 2019. 3 de nos membres int\u00e8grent le collectif France : Margaux Briswalter (K1 U23), Yann Wagner (K1 Junior) et Tom S\u00e9gaux (C1 Junior) ! Bravo \u00e0 eux pour cette s\u00e9lection et aux entra\u00eeneurs Yannick Marage&hellip; <br \/> <a class=\"button small blue\" href=\"https:\/\/www.strasbourgeauxvives.org\/site\/index.php\/2019\/05\/24\/equipe-de-france-course-en-ligne-2019\/\">Lire la suite<\/a><\/p>\n","protected":false},"author":2,"featured_media":0,"comment_status":"open","ping_status":"open","sticky":false,"template":"","format":"standard","meta":{"_jetpack_memberships_contains_paid_content":false,"footnotes":""},"categories":[4],"tags":[],"class_list":["post-2428","post","type-post","status-publish","format-standard","hentry","category-classe"],"jetpack_featured_media_url":"","jetpack_sharing_enabled":true,"_links":{"self":[{"href":"https:\/\/www.strasbourgeauxvives.org\/site\/index.php\/wp-json\/wp\/v2\/posts\/2428","targetHints":{"allow":["GET"]}}],"collection":[{"href":"https:\/\/www.strasbourgeauxvives.org\/site\/index.php\/wp-json\/wp\/v2\/posts"}],"about":[{"href":"https:\/\/www.strasbourgeauxvives.org\/site\/index.php\/wp-json\/wp\/v2\/types\/post"}],"author":[{"embeddable":true,"href":"https:\/\/www.strasbourgeauxvives.org\/site\/index.php\/wp-json\/wp\/v2\/users\/2"}],"replies":[{"embeddable":true,"href":"https:\/\/www.strasbourgeauxvives.org\/site\/index.php\/wp-json\/wp\/v2\/comments?post=2428"}],"version-history":[{"count":0,"href":"https:\/\/www.strasbourgeauxvives.org\/site\/index.php\/wp-json\/wp\/v2\/posts\/2428\/revisions"}],"wp:attachment":[{"href":"https:\/\/www.strasbourgeauxvives.org\/site\/index.php\/wp-json\/wp\/v2\/media?parent=2428"}],"wp:term":[{"taxonomy":"category","embeddable":true,"href":"https:\/\/www.strasbourgeauxvives.org\/site\/index.php\/wp-json\/wp\/v2\/categories?post=2428"},{"taxonomy":"post_tag","embeddable":true,"href":"https:\/\/www.strasbourgeauxvives.org\/site\/index.php\/wp-json\/wp\/v2\/tags?post=2428"}],"curies":[{"name":"wp","href":"https:\/\/api.w.org\/{rel}","templated":true}]}}