{"id":2625,"date":"2019-07-20T18:13:43","date_gmt":"2019-07-20T16:13:43","guid":{"rendered":"http:\/\/strasbourgeauxvives.org\/site\/?p=2625"},"modified":"2019-09-29T12:23:16","modified_gmt":"2019-09-29T10:23:16","slug":"championnats-deurope-vitesse","status":"publish","type":"post","link":"https:\/\/www.strasbourgeauxvives.org\/site\/index.php\/2019\/07\/20\/championnats-deurope-vitesse\/","title":{"rendered":"Championnats d&rsquo;Europe vitesse"},"content":{"rendered":"<p>Fin des championnats d&rsquo;Europe U18\/U23. Yann Wagner d\u00e9croche une magnifique m\u00e9daille de bronze en K4 500m Junior ! F\u00e9licitations !<\/p>\n<p>Bravo \u00e9galement \u00e0 Tom S\u00e9gaux et Margaux Briswalter qui sont finalistes respectivement en C4 500m U18 et K4 500m U23. Rendez-vous d\u00e9but ao\u00fbt pour les championnats du monde.<\/p>\n<p><img loading=\"lazy\" decoding=\"async\" class=\"size-full wp-image-2627 aligncenter\" src=\"http:\/\/strasbourgeauxvives.org\/site\/wp-content\/uploads\/2019\/07\/66878169_2405537646436241_8580742958259634176_n.jpg\" alt=\"\" width=\"960\" height=\"720\" srcset=\"https:\/\/www.strasbourgeauxvives.org\/site\/wp-content\/uploads\/2019\/07\/66878169_2405537646436241_8580742958259634176_n.jpg 960w, https:\/\/www.strasbourgeauxvives.org\/site\/wp-content\/uploads\/2019\/07\/66878169_2405537646436241_8580742958259634176_n-300x225.jpg 300w, https:\/\/www.strasbourgeauxvives.org\/site\/wp-content\/uploads\/2019\/07\/66878169_2405537646436241_8580742958259634176_n-768x576.jpg 768w\" sizes=\"auto, (max-width: 960px) 100vw, 960px\" \/> <img loading=\"lazy\" decoding=\"async\" class=\"size-large wp-image-2628 aligncenter\" src=\"http:\/\/strasbourgeauxvives.org\/site\/wp-content\/uploads\/2019\/07\/1-Yann-1024x576.jpg\" alt=\"\" width=\"1024\" height=\"576\" \/><\/p>\n<p><img loading=\"lazy\" decoding=\"async\" class=\"size-full wp-image-2629 aligncenter\" src=\"http:\/\/strasbourgeauxvives.org\/site\/wp-content\/uploads\/2019\/07\/66860127_391987891670996_4925871113877061632_n.jpg\" alt=\"\" width=\"720\" height=\"960\" srcset=\"https:\/\/www.strasbourgeauxvives.org\/site\/wp-content\/uploads\/2019\/07\/66860127_391987891670996_4925871113877061632_n.jpg 720w, https:\/\/www.strasbourgeauxvives.org\/site\/wp-content\/uploads\/2019\/07\/66860127_391987891670996_4925871113877061632_n-225x300.jpg 225w\" sizes=\"auto, (max-width: 720px) 100vw, 720px\" \/><\/p>\n","protected":false},"excerpt":{"rendered":"<p>Fin des championnats d&rsquo;Europe U18\/U23. Yann Wagner d\u00e9croche une magnifique m\u00e9daille de bronze en K4 500m Junior ! F\u00e9licitations ! Bravo \u00e9galement \u00e0 Tom S\u00e9gaux et Margaux Briswalter qui sont finalistes respectivement en C4 500m U18 et K4 500m U23. Rendez-vous d\u00e9but ao\u00fbt pour les championnats du monde.<\/p>\n","protected":false},"author":2,"featured_media":0,"comment_status":"open","ping_status":"open","sticky":false,"template":"","format":"standard","meta":{"_jetpack_memberships_contains_paid_content":false,"footnotes":""},"categories":[4],"tags":[],"class_list":["post-2625","post","type-post","status-publish","format-standard","hentry","category-classe"],"jetpack_featured_media_url":"","jetpack_sharing_enabled":true,"_links":{"self":[{"href":"https:\/\/www.strasbourgeauxvives.org\/site\/index.php\/wp-json\/wp\/v2\/posts\/2625","targetHints":{"allow":["GET"]}}],"collection":[{"href":"https:\/\/www.strasbourgeauxvives.org\/site\/index.php\/wp-json\/wp\/v2\/posts"}],"about":[{"href":"https:\/\/www.strasbourgeauxvives.org\/site\/index.php\/wp-json\/wp\/v2\/types\/post"}],"author":[{"embeddable":true,"href":"https:\/\/www.strasbourgeauxvives.org\/site\/index.php\/wp-json\/wp\/v2\/users\/2"}],"replies":[{"embeddable":true,"href":"https:\/\/www.strasbourgeauxvives.org\/site\/index.php\/wp-json\/wp\/v2\/comments?post=2625"}],"version-history":[{"count":0,"href":"https:\/\/www.strasbourgeauxvives.org\/site\/index.php\/wp-json\/wp\/v2\/posts\/2625\/revisions"}],"wp:attachment":[{"href":"https:\/\/www.strasbourgeauxvives.org\/site\/index.php\/wp-json\/wp\/v2\/media?parent=2625"}],"wp:term":[{"taxonomy":"category","embeddable":true,"href":"https:\/\/www.strasbourgeauxvives.org\/site\/index.php\/wp-json\/wp\/v2\/categories?post=2625"},{"taxonomy":"post_tag","embeddable":true,"href":"https:\/\/www.strasbourgeauxvives.org\/site\/index.php\/wp-json\/wp\/v2\/tags?post=2625"}],"curies":[{"name":"wp","href":"https:\/\/api.w.org\/{rel}","templated":true}]}}