{"id":2850,"date":"2019-11-07T21:31:25","date_gmt":"2019-11-07T20:31:25","guid":{"rendered":"http:\/\/strasbourgeauxvives.org\/site\/?p=2850"},"modified":"2019-12-20T17:14:56","modified_gmt":"2019-12-20T16:14:56","slug":"7eme-nationale-1-descente","status":"publish","type":"post","link":"https:\/\/www.strasbourgeauxvives.org\/site\/index.php\/2019\/11\/07\/7eme-nationale-1-descente\/","title":{"rendered":"7\u00e8me Nationale 1 descente"},"content":{"rendered":"<p>Strasbourg Eaux-Vives d\u00e9croche la 7\u00e8me place en Nationale 1 descente de rivi\u00e8re \u00e0 l&rsquo;issue de l&rsquo;ensemble des courses de la saison 2019 !<\/p>\n<p><img loading=\"lazy\" decoding=\"async\" class=\" wp-image-2854 aligncenter\" src=\"http:\/\/strasbourgeauxvives.org\/site\/wp-content\/uploads\/2019\/11\/Capture-d\u2019\u00e9cran-2019-11-07-\u00e0-21.30.35-839x1024.png\" alt=\"\" width=\"598\" height=\"729\" srcset=\"https:\/\/www.strasbourgeauxvives.org\/site\/wp-content\/uploads\/2019\/11\/Capture-d\u2019\u00e9cran-2019-11-07-\u00e0-21.30.35-839x1024.png 839w, https:\/\/www.strasbourgeauxvives.org\/site\/wp-content\/uploads\/2019\/11\/Capture-d\u2019\u00e9cran-2019-11-07-\u00e0-21.30.35-246x300.png 246w, https:\/\/www.strasbourgeauxvives.org\/site\/wp-content\/uploads\/2019\/11\/Capture-d\u2019\u00e9cran-2019-11-07-\u00e0-21.30.35-768x937.png 768w, https:\/\/www.strasbourgeauxvives.org\/site\/wp-content\/uploads\/2019\/11\/Capture-d\u2019\u00e9cran-2019-11-07-\u00e0-21.30.35-1024x1249.png 1024w, https:\/\/www.strasbourgeauxvives.org\/site\/wp-content\/uploads\/2019\/11\/Capture-d\u2019\u00e9cran-2019-11-07-\u00e0-21.30.35-885x1080.png 885w, https:\/\/www.strasbourgeauxvives.org\/site\/wp-content\/uploads\/2019\/11\/Capture-d\u2019\u00e9cran-2019-11-07-\u00e0-21.30.35.png 1082w\" sizes=\"auto, (max-width: 598px) 100vw, 598px\" \/><\/p>\n","protected":false},"excerpt":{"rendered":"<p>Strasbourg Eaux-Vives d\u00e9croche la 7\u00e8me place en Nationale 1 descente de rivi\u00e8re \u00e0 l&rsquo;issue de l&rsquo;ensemble des courses de la saison 2019 !<\/p>\n","protected":false},"author":2,"featured_media":0,"comment_status":"open","ping_status":"open","sticky":false,"template":"","format":"standard","meta":{"_jetpack_memberships_contains_paid_content":false,"footnotes":""},"categories":[1],"tags":[],"class_list":["post-2850","post","type-post","status-publish","format-standard","hentry","category-non-classe"],"jetpack_featured_media_url":"","jetpack_sharing_enabled":true,"_links":{"self":[{"href":"https:\/\/www.strasbourgeauxvives.org\/site\/index.php\/wp-json\/wp\/v2\/posts\/2850","targetHints":{"allow":["GET"]}}],"collection":[{"href":"https:\/\/www.strasbourgeauxvives.org\/site\/index.php\/wp-json\/wp\/v2\/posts"}],"about":[{"href":"https:\/\/www.strasbourgeauxvives.org\/site\/index.php\/wp-json\/wp\/v2\/types\/post"}],"author":[{"embeddable":true,"href":"https:\/\/www.strasbourgeauxvives.org\/site\/index.php\/wp-json\/wp\/v2\/users\/2"}],"replies":[{"embeddable":true,"href":"https:\/\/www.strasbourgeauxvives.org\/site\/index.php\/wp-json\/wp\/v2\/comments?post=2850"}],"version-history":[{"count":1,"href":"https:\/\/www.strasbourgeauxvives.org\/site\/index.php\/wp-json\/wp\/v2\/posts\/2850\/revisions"}],"predecessor-version":[{"id":2916,"href":"https:\/\/www.strasbourgeauxvives.org\/site\/index.php\/wp-json\/wp\/v2\/posts\/2850\/revisions\/2916"}],"wp:attachment":[{"href":"https:\/\/www.strasbourgeauxvives.org\/site\/index.php\/wp-json\/wp\/v2\/media?parent=2850"}],"wp:term":[{"taxonomy":"category","embeddable":true,"href":"https:\/\/www.strasbourgeauxvives.org\/site\/index.php\/wp-json\/wp\/v2\/categories?post=2850"},{"taxonomy":"post_tag","embeddable":true,"href":"https:\/\/www.strasbourgeauxvives.org\/site\/index.php\/wp-json\/wp\/v2\/tags?post=2850"}],"curies":[{"name":"wp","href":"https:\/\/api.w.org\/{rel}","templated":true}]}}