{"id":3051,"date":"2020-05-01T22:32:06","date_gmt":"2020-05-01T20:32:06","guid":{"rendered":"http:\/\/strasbourgeauxvives.org\/site\/?p=3051"},"modified":"2020-05-01T22:32:06","modified_gmt":"2020-05-01T20:32:06","slug":"mention-performance-sportive-2020","status":"publish","type":"post","link":"https:\/\/www.strasbourgeauxvives.org\/site\/index.php\/2020\/05\/01\/mention-performance-sportive-2020\/","title":{"rendered":"Mention Performance sportive 2020"},"content":{"rendered":"<p style=\"text-align: left;\">Nous sommes fiers d&rsquo;avoir une ann\u00e9e suppl\u00e9mentaire le label mention \u00ab\u00a0Performance Sportive\u00a0\u00bb d\u00e9livr\u00e9 par la F\u00e9d\u00e9ration Fran\u00e7aise de Cano\u00eb Kayak et Sports de Pagaie.<\/p>\n<p><img loading=\"lazy\" decoding=\"async\" class=\"wp-image-3052 aligncenter\" src=\"http:\/\/strasbourgeauxvives.org\/site\/wp-content\/uploads\/2020\/05\/Capture-d\u2019\u00e9cran-2020-04-29-\u00e0-13.18.31-708x1024.png\" alt=\"\" width=\"554\" height=\"801\" srcset=\"https:\/\/www.strasbourgeauxvives.org\/site\/wp-content\/uploads\/2020\/05\/Capture-d\u2019\u00e9cran-2020-04-29-\u00e0-13.18.31-708x1024.png 708w, https:\/\/www.strasbourgeauxvives.org\/site\/wp-content\/uploads\/2020\/05\/Capture-d\u2019\u00e9cran-2020-04-29-\u00e0-13.18.31-208x300.png 208w, https:\/\/www.strasbourgeauxvives.org\/site\/wp-content\/uploads\/2020\/05\/Capture-d\u2019\u00e9cran-2020-04-29-\u00e0-13.18.31-768x1110.png 768w, https:\/\/www.strasbourgeauxvives.org\/site\/wp-content\/uploads\/2020\/05\/Capture-d\u2019\u00e9cran-2020-04-29-\u00e0-13.18.31-747x1080.png 747w, https:\/\/www.strasbourgeauxvives.org\/site\/wp-content\/uploads\/2020\/05\/Capture-d\u2019\u00e9cran-2020-04-29-\u00e0-13.18.31.png 1010w\" sizes=\"auto, (max-width: 554px) 100vw, 554px\" \/><\/p>\n","protected":false},"excerpt":{"rendered":"<p>Nous sommes fiers d&rsquo;avoir une ann\u00e9e suppl\u00e9mentaire le label mention \u00ab\u00a0Performance Sportive\u00a0\u00bb d\u00e9livr\u00e9 par la F\u00e9d\u00e9ration Fran\u00e7aise de Cano\u00eb Kayak et Sports de Pagaie.<\/p>\n","protected":false},"author":2,"featured_media":0,"comment_status":"open","ping_status":"open","sticky":false,"template":"","format":"standard","meta":{"_jetpack_memberships_contains_paid_content":false,"footnotes":""},"categories":[1],"tags":[],"class_list":["post-3051","post","type-post","status-publish","format-standard","hentry","category-non-classe"],"jetpack_featured_media_url":"","jetpack_sharing_enabled":true,"_links":{"self":[{"href":"https:\/\/www.strasbourgeauxvives.org\/site\/index.php\/wp-json\/wp\/v2\/posts\/3051","targetHints":{"allow":["GET"]}}],"collection":[{"href":"https:\/\/www.strasbourgeauxvives.org\/site\/index.php\/wp-json\/wp\/v2\/posts"}],"about":[{"href":"https:\/\/www.strasbourgeauxvives.org\/site\/index.php\/wp-json\/wp\/v2\/types\/post"}],"author":[{"embeddable":true,"href":"https:\/\/www.strasbourgeauxvives.org\/site\/index.php\/wp-json\/wp\/v2\/users\/2"}],"replies":[{"embeddable":true,"href":"https:\/\/www.strasbourgeauxvives.org\/site\/index.php\/wp-json\/wp\/v2\/comments?post=3051"}],"version-history":[{"count":1,"href":"https:\/\/www.strasbourgeauxvives.org\/site\/index.php\/wp-json\/wp\/v2\/posts\/3051\/revisions"}],"predecessor-version":[{"id":3053,"href":"https:\/\/www.strasbourgeauxvives.org\/site\/index.php\/wp-json\/wp\/v2\/posts\/3051\/revisions\/3053"}],"wp:attachment":[{"href":"https:\/\/www.strasbourgeauxvives.org\/site\/index.php\/wp-json\/wp\/v2\/media?parent=3051"}],"wp:term":[{"taxonomy":"category","embeddable":true,"href":"https:\/\/www.strasbourgeauxvives.org\/site\/index.php\/wp-json\/wp\/v2\/categories?post=3051"},{"taxonomy":"post_tag","embeddable":true,"href":"https:\/\/www.strasbourgeauxvives.org\/site\/index.php\/wp-json\/wp\/v2\/tags?post=3051"}],"curies":[{"name":"wp","href":"https:\/\/api.w.org\/{rel}","templated":true}]}}