{"id":3806,"date":"2021-01-07T21:20:40","date_gmt":"2021-01-07T20:20:40","guid":{"rendered":"http:\/\/strasbourgeauxvives.org\/site\/?p=3806"},"modified":"2021-01-07T21:20:40","modified_gmt":"2021-01-07T20:20:40","slug":"trophee-ujsf-2020","status":"publish","type":"post","link":"https:\/\/www.strasbourgeauxvives.org\/site\/index.php\/2021\/01\/07\/trophee-ujsf-2020\/","title":{"rendered":"Troph\u00e9e UJSF 2020"},"content":{"rendered":"<div class=\"kvgmc6g5 cxmmr5t8 oygrvhab hcukyx3x c1et5uql ii04i59q\">\n<div dir=\"auto\" style=\"text-align: left;\"><span style=\"font-size: 18px; font-family: 'Source Sans Pro', sans-serif;\">C&rsquo;est une 2\u00e8me place\u00a0<\/span><span style=\"font-size: 18px; font-family: 'Source Sans Pro', sans-serif;\">pour Tom Segaux au palmar\u00e8s des champions UJSF (Union des Journalistes de Sport en France) d&rsquo;Alsace dans la cat\u00e9gorie \u00ab\u00a0espoirs\u00a0\u00bb ! Yann Wagner se classe en 10\u00e8me position dans la m\u00eame cat\u00e9gorie ! Bravo \u00e0 eux et \u00e0 leur entra\u00eeneur Yannick Marage ! <\/span><\/div>\n<div dir=\"auto\"><\/div>\n<div dir=\"auto\" style=\"text-align: left;\"><\/div>\n<\/div>\n<div class=\"o9v6fnle cxmmr5t8 oygrvhab hcukyx3x c1et5uql ii04i59q\">\n<div dir=\"auto\" style=\"text-align: left;\">Article DNA : <a class=\"oajrlxb2 g5ia77u1 qu0x051f esr5mh6w e9989ue4 r7d6kgcz rq0escxv nhd2j8a9 nc684nl6 p7hjln8o kvgmc6g5 cxmmr5t8 oygrvhab hcukyx3x jb3vyjys rz4wbd8a qt6c0cv9 a8nywdso i1ao9s8h esuyzwwr f1sip0of lzcic4wl py34i1dx gpro0wi8\" tabindex=\"0\" role=\"link\" href=\"https:\/\/www.dna.fr\/sport\/2020\/12\/31\/le-pilote-automobile-yann-ehrlacher-sacre-champion-alsacien-de-l-annee-2020?fbclid=IwAR0tlhRK7uzBp7WwFgqPFLcI-mXaeTMJH_Iqpy97lwHL147dj_AGApB__Lg\" target=\"_blank\" rel=\"nofollow noopener\">https:\/\/www.dna.fr\/&#8230;\/le-pilote-automobile-yann&#8230;<\/a><\/div>\n<\/div>\n<div class=\"o9v6fnle cxmmr5t8 oygrvhab hcukyx3x c1et5uql ii04i59q\">\n<div dir=\"auto\"><\/div>\n<div dir=\"auto\"><span class=\"pq6dq46d tbxw36s4 knj5qynh kvgmc6g5 ditlmg2l oygrvhab nvdbi5me sf5mxxl7 gl3lb2sf hhz5lgdu\"><img loading=\"lazy\" decoding=\"async\" class=\"size-full wp-image-3808 aligncenter\" src=\"http:\/\/strasbourgeauxvives.org\/site\/wp-content\/uploads\/2021\/01\/67099005_2153359068126464_2145621741022478336_o.jpg\" alt=\"\" width=\"1944\" height=\"1555\" srcset=\"https:\/\/www.strasbourgeauxvives.org\/site\/wp-content\/uploads\/2021\/01\/67099005_2153359068126464_2145621741022478336_o.jpg 1944w, https:\/\/www.strasbourgeauxvives.org\/site\/wp-content\/uploads\/2021\/01\/67099005_2153359068126464_2145621741022478336_o-300x240.jpg 300w, https:\/\/www.strasbourgeauxvives.org\/site\/wp-content\/uploads\/2021\/01\/67099005_2153359068126464_2145621741022478336_o-768x614.jpg 768w, https:\/\/www.strasbourgeauxvives.org\/site\/wp-content\/uploads\/2021\/01\/67099005_2153359068126464_2145621741022478336_o-1024x819.jpg 1024w, https:\/\/www.strasbourgeauxvives.org\/site\/wp-content\/uploads\/2021\/01\/67099005_2153359068126464_2145621741022478336_o-1350x1080.jpg 1350w\" sizes=\"auto, (max-width: 1944px) 100vw, 1944px\" \/>Photo :\u00a0<\/span>Pouillaude B.<\/div>\n<\/div>\n","protected":false},"excerpt":{"rendered":"<p>C&rsquo;est une 2\u00e8me place\u00a0pour Tom Segaux au palmar\u00e8s des champions UJSF (Union des Journalistes de Sport en France) d&rsquo;Alsace dans la cat\u00e9gorie \u00ab\u00a0espoirs\u00a0\u00bb ! Yann Wagner se classe en 10\u00e8me position dans la m\u00eame cat\u00e9gorie ! Bravo \u00e0 eux et \u00e0 leur entra\u00eeneur Yannick Marage ! Article DNA : https:\/\/www.dna.fr\/&#8230;\/le-pilote-automobile-yann&#8230; Photo :\u00a0Pouillaude B.<\/p>\n","protected":false},"author":2,"featured_media":0,"comment_status":"open","ping_status":"open","sticky":false,"template":"","format":"standard","meta":{"_jetpack_memberships_contains_paid_content":false,"footnotes":""},"categories":[1],"tags":[],"class_list":["post-3806","post","type-post","status-publish","format-standard","hentry","category-non-classe"],"jetpack_featured_media_url":"","jetpack_sharing_enabled":true,"_links":{"self":[{"href":"https:\/\/www.strasbourgeauxvives.org\/site\/index.php\/wp-json\/wp\/v2\/posts\/3806","targetHints":{"allow":["GET"]}}],"collection":[{"href":"https:\/\/www.strasbourgeauxvives.org\/site\/index.php\/wp-json\/wp\/v2\/posts"}],"about":[{"href":"https:\/\/www.strasbourgeauxvives.org\/site\/index.php\/wp-json\/wp\/v2\/types\/post"}],"author":[{"embeddable":true,"href":"https:\/\/www.strasbourgeauxvives.org\/site\/index.php\/wp-json\/wp\/v2\/users\/2"}],"replies":[{"embeddable":true,"href":"https:\/\/www.strasbourgeauxvives.org\/site\/index.php\/wp-json\/wp\/v2\/comments?post=3806"}],"version-history":[{"count":2,"href":"https:\/\/www.strasbourgeauxvives.org\/site\/index.php\/wp-json\/wp\/v2\/posts\/3806\/revisions"}],"predecessor-version":[{"id":3810,"href":"https:\/\/www.strasbourgeauxvives.org\/site\/index.php\/wp-json\/wp\/v2\/posts\/3806\/revisions\/3810"}],"wp:attachment":[{"href":"https:\/\/www.strasbourgeauxvives.org\/site\/index.php\/wp-json\/wp\/v2\/media?parent=3806"}],"wp:term":[{"taxonomy":"category","embeddable":true,"href":"https:\/\/www.strasbourgeauxvives.org\/site\/index.php\/wp-json\/wp\/v2\/categories?post=3806"},{"taxonomy":"post_tag","embeddable":true,"href":"https:\/\/www.strasbourgeauxvives.org\/site\/index.php\/wp-json\/wp\/v2\/tags?post=3806"}],"curies":[{"name":"wp","href":"https:\/\/api.w.org\/{rel}","templated":true}]}}