{"id":3836,"date":"2021-01-19T21:34:48","date_gmt":"2021-01-19T20:34:48","guid":{"rendered":"https:\/\/strasbourgeauxvives.org\/site\/?p=3836"},"modified":"2021-03-31T07:47:04","modified_gmt":"2021-03-31T05:47:04","slug":"bruno-dazeur","status":"publish","type":"post","link":"https:\/\/www.strasbourgeauxvives.org\/site\/index.php\/2021\/01\/19\/bruno-dazeur\/","title":{"rendered":"Bruno Dazeur"},"content":{"rendered":"<p style=\"text-align: left;\">Article DNA du 31 mars :<\/p>\n<p><img loading=\"lazy\" decoding=\"async\" class=\"size-full wp-image-3901 aligncenter\" src=\"https:\/\/strasbourgeauxvives.org\/site\/wp-content\/uploads\/2021\/01\/image001.png\" alt=\"\" width=\"2200\" height=\"1525\" srcset=\"https:\/\/www.strasbourgeauxvives.org\/site\/wp-content\/uploads\/2021\/01\/image001.png 2200w, https:\/\/www.strasbourgeauxvives.org\/site\/wp-content\/uploads\/2021\/01\/image001-300x208.png 300w, https:\/\/www.strasbourgeauxvives.org\/site\/wp-content\/uploads\/2021\/01\/image001-768x532.png 768w, https:\/\/www.strasbourgeauxvives.org\/site\/wp-content\/uploads\/2021\/01\/image001-1024x710.png 1024w, https:\/\/www.strasbourgeauxvives.org\/site\/wp-content\/uploads\/2021\/01\/image001-1558x1080.png 1558w\" sizes=\"auto, (max-width: 2200px) 100vw, 2200px\" \/><\/p>\n<p>&nbsp;<\/p>\n<p>&nbsp;<\/p>\n<p style=\"text-align: left;\">Bruno Dazeur, plus de 33 ann\u00e9es \u00e0 entra\u00eener et \u00e0 d\u00e9velopper un club, un simple post Facebook ne suffira pas \u00e0 te rendre justice. Mais l\u2019heure d\u2019une retraite bien m\u00e9rit\u00e9e a sonn\u00e9. On plaint d\u00e9j\u00e0 les papillons, les serpents et autres bestioles \u00e0 qui tu vas pouvoir consacrer encore plus de temps.<\/p>\n<p>Tu as largement contribu\u00e9 \u00e0 d\u00e9velopper le club de Strasbourg Eaux-Vives. Ton investissement pour amener de nouvelles \u00e9coles pour les animations scolaires, d\u00e9velopper les stages d\u00e9couvertes, trouver des nouveaux futurs comp\u00e9titeurs et amoureux du cano\u00eb-kayak en ferait p\u00e2lir plus d\u2019un. Combien de personnes as-tu ramen\u00e9es au club ? Impossible de les compter. Combien de g\u00e9n\u00e9rations d\u2019athl\u00e8tes sont pass\u00e9es par tes bons soins ? Un bon paquet ! \u00c0 une \u00e9poque tu construisais toi-m\u00eame les embarcations du club et nous sommes nombreux et nombreuses \u00e0 avoir donn\u00e9 nos premiers coups de pagaies dedans !<br \/>\nPremier entra\u00eeneur de B\u00e2bak Amir-Tahmasseb, qui fut champion du monde Junior de descente en 1994 \u00e0 Wassau (USA) et qui deviendra par la suite le premier champion du monde fran\u00e7ais\u00a0de K1 1000m en course en ligne en 2001. Tu as continu\u00e9 sur cette lanc\u00e9e en d\u00e9couvrant de nouveaux talents. Ainsi tu as entra\u00een\u00e9 une g\u00e9n\u00e9ration enti\u00e8re d\u2019athl\u00e8tes de haut niveau.<br \/>\nD\u2019abord et non des moindres :\u00a0Harald Marzolf, qui est devenu champion du monde de Sprint en cano\u00eb de descente en 2004 \u00e0 Garmisch-Partenkirchen (DE), sa soeur Helgard qui remportera une m\u00e9daille de bronze en 2006 aux championnats du monde de Karlovy Vary (CZE), Thomas Peltriaux et Th\u00e9odore Heitz, m\u00e9daill\u00e9s d\u2019argent aux championnats du monde de Sort en 2010 (ESP), Boris Meissner et Marc Wettling, 2\u00e8me aux championnats du monde junior en 1998 \u00e0 Lofer (AUT), Marc Alexandre, vice-champion du monde Junior, Doroth\u00e9e Heitz, 2\u00e8me aux championnats d\u2019Europe, sans oublier Micha\u00ebl Dider et Fr\u00e9d\u00e9rique Momot, 2\u00e8me aux championnats du monde d\u2019Ivr\u00e9a en 2008 (ITA) que tu as suivis en tant qu\u2019entra\u00eeneur du p\u00f4le de Strasbourg.<br \/>\nStructure que tu as en grande partie mont\u00e9e et entretenue pendant de nombreuses ann\u00e9es et qui a ramen\u00e9 \u00e9norm\u00e9ment d\u2019athl\u00e8tes sur le club de Strasbourg Eaux-Vives. Cependant, la boucle ne serait pas compl\u00e8te sans citer Quentin Dazeur, ton fils, qui comptabilise aujourd\u2019hui 4 titres de champion du monde en cano\u00eb biplace (avec St\u00e9phane Santamaria) et une m\u00e9daille d\u2019argent en monoplace sprint en 2014 \u00e0 Valtellina (ITA).<br \/>\n\u00c0 combien de M\u00e9lanie, Karim, Vikeo, Maxime, Fanny, Medhi, as-tu appris \u00e0 pagayer et transmis ta passion ? \u00c0 combien de jeunes as-tu mis un peu de plomb dans la t\u00eate et offert beaucoup de ton temps ? Peu d\u2019entra\u00eeneurs peuvent s\u2019enorgueillir d\u2019avoir eu autant d\u2019athl\u00e8tes mont\u00e9s sur des podiums nationaux et internationaux. Ils en manquent certainement, mais la liste deviendrait trop longue.<\/p>\n<p style=\"text-align: left;\">Que de succ\u00e8s qui t\u2019ont forg\u00e9 un nom dans le milieu du cano\u00eb-kayak !<\/p>\n<p style=\"text-align: left;\">Apr\u00e8s toutes ces ann\u00e9es, tu as fait le choix de te consacrer aux plus jeunes du club, nos futures g\u00e9n\u00e9rations, pour leur transmettre ta passion du cano\u00eb-kayak et le gout de la comp\u00e9tition. Engag\u00e9 \u00e9galement dans le sport sant\u00e9 avec le Dragon Boat ou dans des projets Raids Amazones, tu t\u2019es toujours investi pleinement dans ce que tu as entrepris !<\/p>\n<p style=\"text-align: left;\">Ta nouvelle vie de retrait\u00e9 s\u2019ouvre \u00e0 toi, mais nous sommes persuad\u00e9s que tu sauras occuper pleinement tes journ\u00e9es \u00e0 travers tes passions.<\/p>\n<p style=\"text-align: left;\">Nous le savons aujourd\u2019hui, la batte \u00e0 cadet et la tige d\u2019ortie qui ont \u00e9t\u00e9 rel\u00e9gu\u00e9e dans l\u2019arri\u00e8re-cuisine du club depuis de nombreuses ann\u00e9es prennent leur retraite avec toi ! Tu as marqu\u00e9 la vie d\u2019une bonne partie d\u2019entre nous et pour cela nous ne t\u2019en remercierons jamais assez.<br \/>\nNous vous souhaitons \u00e0 toi et Maryvonne que de bonnes choses et une bonne retraite bien m\u00e9rit\u00e9e. Bien \u00e9videmment, quand la situation sanitaire le permettra (cet \u00e9t\u00e9 ?), nous organiserons une grande f\u00eate !!!<\/p>\n<p>&nbsp;<\/p>\n<p><img loading=\"lazy\" decoding=\"async\" class=\"alignnone size-full wp-image-3838\" src=\"https:\/\/strasbourgeauxvives.org\/site\/wp-content\/uploads\/2021\/01\/28954559_10216396572566613_7715143395184307085_o.jpg\" alt=\"\" width=\"1500\" height=\"1000\" srcset=\"https:\/\/www.strasbourgeauxvives.org\/site\/wp-content\/uploads\/2021\/01\/28954559_10216396572566613_7715143395184307085_o.jpg 1500w, https:\/\/www.strasbourgeauxvives.org\/site\/wp-content\/uploads\/2021\/01\/28954559_10216396572566613_7715143395184307085_o-300x200.jpg 300w, https:\/\/www.strasbourgeauxvives.org\/site\/wp-content\/uploads\/2021\/01\/28954559_10216396572566613_7715143395184307085_o-768x512.jpg 768w, https:\/\/www.strasbourgeauxvives.org\/site\/wp-content\/uploads\/2021\/01\/28954559_10216396572566613_7715143395184307085_o-1024x683.jpg 1024w\" sizes=\"auto, (max-width: 1500px) 100vw, 1500px\" \/> <img loading=\"lazy\" decoding=\"async\" class=\"alignnone size-full wp-image-3839\" src=\"https:\/\/strasbourgeauxvives.org\/site\/wp-content\/uploads\/2021\/01\/72444097_10221731317855457_5836782829240844288_n.jpg\" alt=\"\" width=\"960\" height=\"960\" srcset=\"https:\/\/www.strasbourgeauxvives.org\/site\/wp-content\/uploads\/2021\/01\/72444097_10221731317855457_5836782829240844288_n.jpg 960w, https:\/\/www.strasbourgeauxvives.org\/site\/wp-content\/uploads\/2021\/01\/72444097_10221731317855457_5836782829240844288_n-150x150.jpg 150w, https:\/\/www.strasbourgeauxvives.org\/site\/wp-content\/uploads\/2021\/01\/72444097_10221731317855457_5836782829240844288_n-300x300.jpg 300w, https:\/\/www.strasbourgeauxvives.org\/site\/wp-content\/uploads\/2021\/01\/72444097_10221731317855457_5836782829240844288_n-768x768.jpg 768w\" sizes=\"auto, (max-width: 960px) 100vw, 960px\" \/> <img loading=\"lazy\" decoding=\"async\" class=\"alignnone size-full wp-image-3840\" src=\"https:\/\/strasbourgeauxvives.org\/site\/wp-content\/uploads\/2021\/01\/93851413_10223366643217569_2516281769469149184_o.jpg\" alt=\"\" width=\"2048\" height=\"1358\" srcset=\"https:\/\/www.strasbourgeauxvives.org\/site\/wp-content\/uploads\/2021\/01\/93851413_10223366643217569_2516281769469149184_o.jpg 2048w, https:\/\/www.strasbourgeauxvives.org\/site\/wp-content\/uploads\/2021\/01\/93851413_10223366643217569_2516281769469149184_o-300x199.jpg 300w, https:\/\/www.strasbourgeauxvives.org\/site\/wp-content\/uploads\/2021\/01\/93851413_10223366643217569_2516281769469149184_o-768x509.jpg 768w, https:\/\/www.strasbourgeauxvives.org\/site\/wp-content\/uploads\/2021\/01\/93851413_10223366643217569_2516281769469149184_o-1024x679.jpg 1024w, https:\/\/www.strasbourgeauxvives.org\/site\/wp-content\/uploads\/2021\/01\/93851413_10223366643217569_2516281769469149184_o-1629x1080.jpg 1629w\" sizes=\"auto, (max-width: 2048px) 100vw, 2048px\" \/> <img loading=\"lazy\" decoding=\"async\" class=\"alignnone size-full wp-image-3842\" src=\"https:\/\/strasbourgeauxvives.org\/site\/wp-content\/uploads\/2021\/01\/Bruno.png\" alt=\"\" width=\"1256\" height=\"1796\" srcset=\"https:\/\/www.strasbourgeauxvives.org\/site\/wp-content\/uploads\/2021\/01\/Bruno.png 1256w, https:\/\/www.strasbourgeauxvives.org\/site\/wp-content\/uploads\/2021\/01\/Bruno-210x300.png 210w, https:\/\/www.strasbourgeauxvives.org\/site\/wp-content\/uploads\/2021\/01\/Bruno-768x1098.png 768w, https:\/\/www.strasbourgeauxvives.org\/site\/wp-content\/uploads\/2021\/01\/Bruno-716x1024.png 716w, https:\/\/www.strasbourgeauxvives.org\/site\/wp-content\/uploads\/2021\/01\/Bruno-1024x1464.png 1024w, https:\/\/www.strasbourgeauxvives.org\/site\/wp-content\/uploads\/2021\/01\/Bruno-755x1080.png 755w\" sizes=\"auto, (max-width: 1256px) 100vw, 1256px\" \/><\/p>\n","protected":false},"excerpt":{"rendered":"<p>Article DNA du 31 mars : &nbsp; &nbsp; Bruno Dazeur, plus de 33 ann\u00e9es \u00e0 entra\u00eener et \u00e0 d\u00e9velopper un club, un simple post Facebook ne suffira pas \u00e0 te rendre justice. Mais l\u2019heure d\u2019une retraite bien m\u00e9rit\u00e9e a sonn\u00e9. On plaint d\u00e9j\u00e0 les papillons, les serpents et autres bestioles \u00e0 qui tu vas pouvoir&hellip; <br \/> <a class=\"button small blue\" href=\"https:\/\/www.strasbourgeauxvives.org\/site\/index.php\/2021\/01\/19\/bruno-dazeur\/\">Lire la suite<\/a><\/p>\n","protected":false},"author":2,"featured_media":0,"comment_status":"open","ping_status":"open","sticky":false,"template":"","format":"standard","meta":{"_jetpack_memberships_contains_paid_content":false,"footnotes":""},"categories":[1],"tags":[],"class_list":["post-3836","post","type-post","status-publish","format-standard","hentry","category-non-classe"],"jetpack_featured_media_url":"","jetpack_sharing_enabled":true,"_links":{"self":[{"href":"https:\/\/www.strasbourgeauxvives.org\/site\/index.php\/wp-json\/wp\/v2\/posts\/3836","targetHints":{"allow":["GET"]}}],"collection":[{"href":"https:\/\/www.strasbourgeauxvives.org\/site\/index.php\/wp-json\/wp\/v2\/posts"}],"about":[{"href":"https:\/\/www.strasbourgeauxvives.org\/site\/index.php\/wp-json\/wp\/v2\/types\/post"}],"author":[{"embeddable":true,"href":"https:\/\/www.strasbourgeauxvives.org\/site\/index.php\/wp-json\/wp\/v2\/users\/2"}],"replies":[{"embeddable":true,"href":"https:\/\/www.strasbourgeauxvives.org\/site\/index.php\/wp-json\/wp\/v2\/comments?post=3836"}],"version-history":[{"count":7,"href":"https:\/\/www.strasbourgeauxvives.org\/site\/index.php\/wp-json\/wp\/v2\/posts\/3836\/revisions"}],"predecessor-version":[{"id":3903,"href":"https:\/\/www.strasbourgeauxvives.org\/site\/index.php\/wp-json\/wp\/v2\/posts\/3836\/revisions\/3903"}],"wp:attachment":[{"href":"https:\/\/www.strasbourgeauxvives.org\/site\/index.php\/wp-json\/wp\/v2\/media?parent=3836"}],"wp:term":[{"taxonomy":"category","embeddable":true,"href":"https:\/\/www.strasbourgeauxvives.org\/site\/index.php\/wp-json\/wp\/v2\/categories?post=3836"},{"taxonomy":"post_tag","embeddable":true,"href":"https:\/\/www.strasbourgeauxvives.org\/site\/index.php\/wp-json\/wp\/v2\/tags?post=3836"}],"curies":[{"name":"wp","href":"https:\/\/api.w.org\/{rel}","templated":true}]}}