{"id":3988,"date":"2021-05-24T22:20:42","date_gmt":"2021-05-24T20:20:42","guid":{"rendered":"https:\/\/strasbourgeauxvives.org\/site\/?p=3988"},"modified":"2021-05-24T22:20:42","modified_gmt":"2021-05-24T20:20:42","slug":"selection-equipe-de-france-descente-2021","status":"publish","type":"post","link":"https:\/\/www.strasbourgeauxvives.org\/site\/index.php\/2021\/05\/24\/selection-equipe-de-france-descente-2021\/","title":{"rendered":"S\u00e9lection \u00e9quipe de France descente 2021"},"content":{"rendered":"<div class=\"kvgmc6g5 cxmmr5t8 oygrvhab hcukyx3x c1et5uql ii04i59q\">\n<div dir=\"auto\">Quentin Dazeur est s\u00e9lectionn\u00e9 pour les championnats d\u2019Europe et du monde \u00e0 l\u2019issue d\u2019une semaine de comp\u00e9tition !<\/div>\n<\/div>\n<div class=\"o9v6fnle cxmmr5t8 oygrvhab hcukyx3x c1et5uql ii04i59q\">\n<div dir=\"auto\">Les victoires en C1 classique (course longue) et en C2 classique associ\u00e9 \u00e0 St\u00e9phane Santamaria permettent de d\u00e9crocher les s\u00e9sames pour les comp\u00e9titions internationales. Le duo termine \u00e0 la 3\u00e8me place en sprint. En C1 sprint Quentin prend la 4\u00e8me place sur la 1er manche et la 5\u00e8me place sur la seconde !<\/div>\n<\/div>\n<div class=\"o9v6fnle cxmmr5t8 oygrvhab hcukyx3x c1et5uql ii04i59q\">\n<div dir=\"auto\">Chez les plus jeunes Robin Godel et Maxime Helle, les r\u00e9sultats sont prometteurs.\u00a0Il n\u2019y aura pas de s\u00e9lection \u00e0 l\u2019internationale cette ann\u00e9e pour eux, mais l\u2019exp\u00e9rience acquise avec cette semaine de comp\u00e9tition sera b\u00e9n\u00e9fique pour les ann\u00e9es \u00e0 venir !<\/div>\n<div dir=\"auto\"><\/div>\n<\/div>\n<div class=\"o9v6fnle cxmmr5t8 oygrvhab hcukyx3x c1et5uql ii04i59q\">\n<div dir=\"auto\"><strong>Les r\u00e9sultats :<\/strong><\/div>\n<div dir=\"auto\"><\/div>\n<div dir=\"auto\">Robin Godel :<\/div>\n<div dir=\"auto\">Sprint num\u00e9ro 1 : 10\u00e8me<\/div>\n<div dir=\"auto\">Sprint num\u00e9ro 2 : 8\u00e8me<\/div>\n<div dir=\"auto\">Classique num\u00e9ro 1 : 15\u00e8me<\/div>\n<div dir=\"auto\">Classique num\u00e9ro 2 : 14\u00e8me<\/div>\n<div dir=\"auto\"><\/div>\n<\/div>\n<div class=\"o9v6fnle cxmmr5t8 oygrvhab hcukyx3x c1et5uql ii04i59q\">\n<div dir=\"auto\">Maxime Helle :<\/div>\n<div dir=\"auto\">Sprint num\u00e9ro 1 : 16\u00e8me<\/div>\n<div dir=\"auto\">Sprint num\u00e9ro 2 : 15\u00e8me<\/div>\n<div dir=\"auto\">Classique num\u00e9ro 1 : 16\u00e8me<\/div>\n<div dir=\"auto\">Classique num\u00e9ro 2 : 15\u00e8me<\/div>\n<div dir=\"auto\"><img loading=\"lazy\" decoding=\"async\" class=\"size-full wp-image-3990 aligncenter\" src=\"https:\/\/strasbourgeauxvives.org\/site\/wp-content\/uploads\/2021\/05\/186291805_1882434128572374_5303030761530391537_n.jpg\" alt=\"\" width=\"1333\" height=\"2000\" srcset=\"https:\/\/www.strasbourgeauxvives.org\/site\/wp-content\/uploads\/2021\/05\/186291805_1882434128572374_5303030761530391537_n.jpg 1333w, https:\/\/www.strasbourgeauxvives.org\/site\/wp-content\/uploads\/2021\/05\/186291805_1882434128572374_5303030761530391537_n-200x300.jpg 200w, https:\/\/www.strasbourgeauxvives.org\/site\/wp-content\/uploads\/2021\/05\/186291805_1882434128572374_5303030761530391537_n-768x1152.jpg 768w, https:\/\/www.strasbourgeauxvives.org\/site\/wp-content\/uploads\/2021\/05\/186291805_1882434128572374_5303030761530391537_n-682x1024.jpg 682w, https:\/\/www.strasbourgeauxvives.org\/site\/wp-content\/uploads\/2021\/05\/186291805_1882434128572374_5303030761530391537_n-1024x1536.jpg 1024w, https:\/\/www.strasbourgeauxvives.org\/site\/wp-content\/uploads\/2021\/05\/186291805_1882434128572374_5303030761530391537_n-720x1080.jpg 720w\" sizes=\"auto, (max-width: 1333px) 100vw, 1333px\" \/><\/div>\n<\/div>\n","protected":false},"excerpt":{"rendered":"<p>Quentin Dazeur est s\u00e9lectionn\u00e9 pour les championnats d\u2019Europe et du monde \u00e0 l\u2019issue d\u2019une semaine de comp\u00e9tition ! Les victoires en C1 classique (course longue) et en C2 classique associ\u00e9 \u00e0 St\u00e9phane Santamaria permettent de d\u00e9crocher les s\u00e9sames pour les comp\u00e9titions internationales. Le duo termine \u00e0 la 3\u00e8me place en sprint. En C1 sprint Quentin&hellip; <br \/> <a class=\"button small blue\" href=\"https:\/\/www.strasbourgeauxvives.org\/site\/index.php\/2021\/05\/24\/selection-equipe-de-france-descente-2021\/\">Lire la suite<\/a><\/p>\n","protected":false},"author":2,"featured_media":0,"comment_status":"open","ping_status":"open","sticky":false,"template":"","format":"standard","meta":{"_jetpack_memberships_contains_paid_content":false,"footnotes":""},"categories":[1],"tags":[],"class_list":["post-3988","post","type-post","status-publish","format-standard","hentry","category-non-classe"],"jetpack_featured_media_url":"","jetpack_sharing_enabled":true,"_links":{"self":[{"href":"https:\/\/www.strasbourgeauxvives.org\/site\/index.php\/wp-json\/wp\/v2\/posts\/3988","targetHints":{"allow":["GET"]}}],"collection":[{"href":"https:\/\/www.strasbourgeauxvives.org\/site\/index.php\/wp-json\/wp\/v2\/posts"}],"about":[{"href":"https:\/\/www.strasbourgeauxvives.org\/site\/index.php\/wp-json\/wp\/v2\/types\/post"}],"author":[{"embeddable":true,"href":"https:\/\/www.strasbourgeauxvives.org\/site\/index.php\/wp-json\/wp\/v2\/users\/2"}],"replies":[{"embeddable":true,"href":"https:\/\/www.strasbourgeauxvives.org\/site\/index.php\/wp-json\/wp\/v2\/comments?post=3988"}],"version-history":[{"count":1,"href":"https:\/\/www.strasbourgeauxvives.org\/site\/index.php\/wp-json\/wp\/v2\/posts\/3988\/revisions"}],"predecessor-version":[{"id":3991,"href":"https:\/\/www.strasbourgeauxvives.org\/site\/index.php\/wp-json\/wp\/v2\/posts\/3988\/revisions\/3991"}],"wp:attachment":[{"href":"https:\/\/www.strasbourgeauxvives.org\/site\/index.php\/wp-json\/wp\/v2\/media?parent=3988"}],"wp:term":[{"taxonomy":"category","embeddable":true,"href":"https:\/\/www.strasbourgeauxvives.org\/site\/index.php\/wp-json\/wp\/v2\/categories?post=3988"},{"taxonomy":"post_tag","embeddable":true,"href":"https:\/\/www.strasbourgeauxvives.org\/site\/index.php\/wp-json\/wp\/v2\/tags?post=3988"}],"curies":[{"name":"wp","href":"https:\/\/api.w.org\/{rel}","templated":true}]}}