{"id":4921,"date":"2026-01-12T21:12:45","date_gmt":"2026-01-12T20:12:45","guid":{"rendered":"https:\/\/www.strasbourgeauxvives.org\/site\/?p=4921"},"modified":"2026-01-13T08:16:02","modified_gmt":"2026-01-13T07:16:02","slug":"hommage-a-bruno-dazeur-24-janvier-2026","status":"publish","type":"post","link":"https:\/\/www.strasbourgeauxvives.org\/site\/index.php\/2026\/01\/12\/hommage-a-bruno-dazeur-24-janvier-2026\/","title":{"rendered":"Hommage \u00e0 Bruno Dazeur &#8211; 24 janvier 2026"},"content":{"rendered":"\n<p><strong>Ch\u00e8res S\u00e9viennes et chers S\u00e9viens,<\/strong><br><strong>Chers membres, anciens membres et amis,<\/strong><\/p>\n\n\n\n<p>En juillet dernier, Bruno Dazeur nous a quitt\u00e9s bien trop t\u00f4t. Votre pr\u00e9sence nombreuse \u00e0 ses obs\u00e8ques a t\u00e9moign\u00e9 de l\u2019affection et du respect que nous lui portions tous.<\/p>\n\n\n\n<p>Pour honorer sa m\u00e9moire, son engagement sans faille et son r\u00f4le de pilier au sein de Strasbourg Eaux-Vives, nous organisons un hommage en pr\u00e9sence de sa famille le <strong>samedi 24 janvier 2026 \u00e0 partir de 17h30<\/strong>, dans les locaux de notre association :<\/p>\n\n\n\n<p><strong><a href=\"https:\/\/www.google.com\/maps\/search\/36+rue+Pierre+de+Coubertin,+67000+Strasbourg?entry=gmail&amp;source=g\" target=\"_blank\" rel=\"noreferrer noopener\">36 rue Pierre de Coubertin, 67000 Strasbourg<\/a>.<\/strong><\/p>\n\n\n\n<p>Un temps d\u2019\u00e9change sera sp\u00e9cialement r\u00e9serv\u00e9 \u00e0 ceux qui souhaitent partager un souvenir ou exprimer leur \u00e9motion. Si vous souhaitez intervenir, merci de pr\u00e9venir <strong>Th\u00e9odore Heitz<\/strong> (06 61 03 67 82 ou <a href=\"mailto:heitz.theodore@gmail.com\" rel=\"noreferrer noopener\" target=\"_blank\">heitz.theodore@gmail.com<\/a>).<\/p>\n\n\n\n<p>Pour ceux qui ne pourront pas \u00eatre pr\u00e9sents, vos t\u00e9moignages vid\u00e9o ou \u00e9crits sont les bienvenus et seront diffus\u00e9s pendant la c\u00e9r\u00e9monie. N\u2019h\u00e9sitez pas \u00e0 nous faire parvenir des photos ou des vid\u00e9os (m\u00eames coordonn\u00e9es ci-dessus).<\/p>\n\n\n\n<p>L\u2019\u00e9v\u00e9nement se prolongera autour d\u2019un ap\u00e9ritif dinatoire. Afin de faciliter l\u2019organisation, nous vous remercions de <strong>confirmer votre participation avant le 15 janvier 2026<\/strong> en r\u00e9pondant \u00e0 ce court questionnaire :<\/p>\n\n\n\n<figure class=\"wp-block-image size-full\"><a href=\"https:\/\/docs.google.com\/forms\/d\/e\/1FAIpQLSddGoPuDOF0eS8ySZKAJgFeSQKJvbkJNjg9tw7k8WcudJf2LQ\/viewform\"><img loading=\"lazy\" decoding=\"async\" width=\"340\" height=\"340\" src=\"https:\/\/www.strasbourgeauxvives.org\/site\/wp-content\/uploads\/2026\/01\/qr-code.png\" alt=\"\" class=\"wp-image-4922\" srcset=\"https:\/\/www.strasbourgeauxvives.org\/site\/wp-content\/uploads\/2026\/01\/qr-code.png 340w, https:\/\/www.strasbourgeauxvives.org\/site\/wp-content\/uploads\/2026\/01\/qr-code-300x300.png 300w, https:\/\/www.strasbourgeauxvives.org\/site\/wp-content\/uploads\/2026\/01\/qr-code-150x150.png 150w\" sizes=\"auto, (max-width: 340px) 100vw, 340px\" \/><\/a><\/figure>\n\n\n\n<p>Nous comptons sur votre pr\u00e9sence pour c\u00e9l\u00e9brer ensemble la vie de notre entra\u00eeneur, coll\u00e8gue et ami.<\/p>\n\n\n\n<p>Au nom du Comit\u00e9 Directeur de Strasbourg Eaux-Vives,<\/p>\n\n\n\n<p>Marc AMIR-TAHMASSEB<br>Pr\u00e9sident du SEV<\/p>\n\n\n\n<p><\/p>\n","protected":false},"excerpt":{"rendered":"<p>Ch\u00e8res S\u00e9viennes et chers S\u00e9viens,Chers membres, anciens membres et amis, En juillet dernier, Bruno Dazeur nous a quitt\u00e9s bien trop t\u00f4t. Votre pr\u00e9sence nombreuse \u00e0 ses obs\u00e8ques a t\u00e9moign\u00e9 de l\u2019affection et du respect que nous lui portions tous. Pour honorer sa m\u00e9moire, son engagement sans faille et son r\u00f4le de pilier au sein de&hellip; <br \/> <a class=\"button small blue\" href=\"https:\/\/www.strasbourgeauxvives.org\/site\/index.php\/2026\/01\/12\/hommage-a-bruno-dazeur-24-janvier-2026\/\">Lire la suite<\/a><\/p>\n","protected":false},"author":314,"featured_media":4924,"comment_status":"open","ping_status":"open","sticky":false,"template":"","format":"standard","meta":{"_jetpack_memberships_contains_paid_content":false,"footnotes":""},"categories":[1],"tags":[],"class_list":["post-4921","post","type-post","status-publish","format-standard","has-post-thumbnail","hentry","category-non-classe"],"jetpack_featured_media_url":"https:\/\/www.strasbourgeauxvives.org\/site\/wp-content\/uploads\/2026\/01\/bruno.jpg","jetpack_sharing_enabled":true,"_links":{"self":[{"href":"https:\/\/www.strasbourgeauxvives.org\/site\/index.php\/wp-json\/wp\/v2\/posts\/4921","targetHints":{"allow":["GET"]}}],"collection":[{"href":"https:\/\/www.strasbourgeauxvives.org\/site\/index.php\/wp-json\/wp\/v2\/posts"}],"about":[{"href":"https:\/\/www.strasbourgeauxvives.org\/site\/index.php\/wp-json\/wp\/v2\/types\/post"}],"author":[{"embeddable":true,"href":"https:\/\/www.strasbourgeauxvives.org\/site\/index.php\/wp-json\/wp\/v2\/users\/314"}],"replies":[{"embeddable":true,"href":"https:\/\/www.strasbourgeauxvives.org\/site\/index.php\/wp-json\/wp\/v2\/comments?post=4921"}],"version-history":[{"count":5,"href":"https:\/\/www.strasbourgeauxvives.org\/site\/index.php\/wp-json\/wp\/v2\/posts\/4921\/revisions"}],"predecessor-version":[{"id":4936,"href":"https:\/\/www.strasbourgeauxvives.org\/site\/index.php\/wp-json\/wp\/v2\/posts\/4921\/revisions\/4936"}],"wp:featuredmedia":[{"embeddable":true,"href":"https:\/\/www.strasbourgeauxvives.org\/site\/index.php\/wp-json\/wp\/v2\/media\/4924"}],"wp:attachment":[{"href":"https:\/\/www.strasbourgeauxvives.org\/site\/index.php\/wp-json\/wp\/v2\/media?parent=4921"}],"wp:term":[{"taxonomy":"category","embeddable":true,"href":"https:\/\/www.strasbourgeauxvives.org\/site\/index.php\/wp-json\/wp\/v2\/categories?post=4921"},{"taxonomy":"post_tag","embeddable":true,"href":"https:\/\/www.strasbourgeauxvives.org\/site\/index.php\/wp-json\/wp\/v2\/tags?post=4921"}],"curies":[{"name":"wp","href":"https:\/\/api.w.org\/{rel}","templated":true}]}}