{"id":945,"date":"2018-11-18T10:48:29","date_gmt":"2018-11-18T09:48:29","guid":{"rendered":"http:\/\/strasbourgeauxvives.org\/site\/?p=945"},"modified":"2019-04-01T17:52:40","modified_gmt":"2019-04-01T15:52:40","slug":"nettoyage-de-lill","status":"publish","type":"post","link":"https:\/\/www.strasbourgeauxvives.org\/site\/index.php\/2018\/11\/18\/nettoyage-de-lill\/","title":{"rendered":"Nettoyage de l&rsquo;Ill"},"content":{"rendered":"<p>Le club a particip\u00e9 au nettoyage des berges de l&rsquo;Ill samedi 17 novembre. Apr\u00e8s avoir re\u00e7u l&rsquo;oscar de l&rsquo;action citoyenne en 2017 de la ville de Strasbourg pour nos actions environnementales, notre place \u00e9tait aupr\u00e8s d&rsquo;Alsace Nature pour cette journ\u00e9e de nettoyage. L&rsquo;\u00e9v\u00e9nement a regroup\u00e9 plus de 200 b\u00e9n\u00e9voles qui ont r\u00e9colt\u00e9s 300kg de d\u00e9chets !<\/p>\n<p>Ce type de manifestation est tr\u00e8s important et permet de pr\u00e9server les rivi\u00e8res sur lesquelles nous naviguons chaque jour&#8230; Le prochain rendez-vous auquel le club participera sera vers avril 2019.<\/p>\n<p style=\"text-align: center;\"><strong><a href=\"http:\/\/strasbourgeauxvives.org\/site\/wp-content\/uploads\/2018\/11\/BILAN-nettoyage-de-lIll-2018-2.pdf\" target=\"_blank\" rel=\"noopener\">Bilan du nettoyage de l&rsquo;Ill <\/a><\/strong><\/p>\n<p>Quelques photos&#8230; (<em>Photos : Kathy Schmitt &#8211; Christine Boss\u00e9<\/em>)<\/p>\n<p><a href=\"http:\/\/strasbourgeauxvives.org\/site\/wp-content\/uploads\/2018\/11\/46436425_10217744948354522_6667108945108140032_n.jpg\"><img loading=\"lazy\" decoding=\"async\" class=\" wp-image-948 alignnone\" src=\"http:\/\/strasbourgeauxvives.org\/site\/wp-content\/uploads\/2018\/11\/46436425_10217744948354522_6667108945108140032_n-225x300.jpg\" alt=\"\" width=\"196\" height=\"261\" srcset=\"https:\/\/www.strasbourgeauxvives.org\/site\/wp-content\/uploads\/2018\/11\/46436425_10217744948354522_6667108945108140032_n-225x300.jpg 225w, https:\/\/www.strasbourgeauxvives.org\/site\/wp-content\/uploads\/2018\/11\/46436425_10217744948354522_6667108945108140032_n.jpg 720w\" sizes=\"auto, (max-width: 196px) 100vw, 196px\" \/>\u00a0<\/a><a href=\"http:\/\/strasbourgeauxvives.org\/site\/wp-content\/uploads\/2018\/11\/46494646_1943785195735449_8755207420336144384_o.jpg\"><img loading=\"lazy\" decoding=\"async\" class=\" wp-image-946 alignnone\" src=\"http:\/\/strasbourgeauxvives.org\/site\/wp-content\/uploads\/2018\/11\/46494646_1943785195735449_8755207420336144384_o-225x300.jpg\" alt=\"\" width=\"196\" height=\"261\" srcset=\"https:\/\/www.strasbourgeauxvives.org\/site\/wp-content\/uploads\/2018\/11\/46494646_1943785195735449_8755207420336144384_o-225x300.jpg 225w, https:\/\/www.strasbourgeauxvives.org\/site\/wp-content\/uploads\/2018\/11\/46494646_1943785195735449_8755207420336144384_o.jpg 768w\" sizes=\"auto, (max-width: 196px) 100vw, 196px\" \/>\u00a0<\/a><a href=\"http:\/\/strasbourgeauxvives.org\/site\/wp-content\/uploads\/2018\/11\/46424099_10217744946954487_7747269189710118912_n.jpg\"><img loading=\"lazy\" decoding=\"async\" class=\"alignnone wp-image-947\" src=\"http:\/\/strasbourgeauxvives.org\/site\/wp-content\/uploads\/2018\/11\/46424099_10217744946954487_7747269189710118912_n-225x300.jpg\" alt=\"\" width=\"196\" height=\"262\" srcset=\"https:\/\/www.strasbourgeauxvives.org\/site\/wp-content\/uploads\/2018\/11\/46424099_10217744946954487_7747269189710118912_n-225x300.jpg 225w, https:\/\/www.strasbourgeauxvives.org\/site\/wp-content\/uploads\/2018\/11\/46424099_10217744946954487_7747269189710118912_n.jpg 720w\" sizes=\"auto, (max-width: 196px) 100vw, 196px\" \/><\/a><\/p>\n<p>&nbsp;<\/p>\n","protected":false},"excerpt":{"rendered":"<p>Le club a particip\u00e9 au nettoyage des berges de l&rsquo;Ill samedi 17 novembre. Apr\u00e8s avoir re\u00e7u l&rsquo;oscar de l&rsquo;action citoyenne en 2017 de la ville de Strasbourg pour nos actions environnementales, notre place \u00e9tait aupr\u00e8s d&rsquo;Alsace Nature pour cette journ\u00e9e de nettoyage. L&rsquo;\u00e9v\u00e9nement a regroup\u00e9 plus de 200 b\u00e9n\u00e9voles qui ont r\u00e9colt\u00e9s 300kg de d\u00e9chets&hellip; <br \/> <a class=\"button small blue\" href=\"https:\/\/www.strasbourgeauxvives.org\/site\/index.php\/2018\/11\/18\/nettoyage-de-lill\/\">Lire la suite<\/a><\/p>\n","protected":false},"author":2,"featured_media":0,"comment_status":"open","ping_status":"open","sticky":false,"template":"","format":"standard","meta":{"_jetpack_memberships_contains_paid_content":false,"footnotes":""},"categories":[4],"tags":[],"class_list":["post-945","post","type-post","status-publish","format-standard","hentry","category-classe"],"jetpack_featured_media_url":"","jetpack_sharing_enabled":true,"_links":{"self":[{"href":"https:\/\/www.strasbourgeauxvives.org\/site\/index.php\/wp-json\/wp\/v2\/posts\/945","targetHints":{"allow":["GET"]}}],"collection":[{"href":"https:\/\/www.strasbourgeauxvives.org\/site\/index.php\/wp-json\/wp\/v2\/posts"}],"about":[{"href":"https:\/\/www.strasbourgeauxvives.org\/site\/index.php\/wp-json\/wp\/v2\/types\/post"}],"author":[{"embeddable":true,"href":"https:\/\/www.strasbourgeauxvives.org\/site\/index.php\/wp-json\/wp\/v2\/users\/2"}],"replies":[{"embeddable":true,"href":"https:\/\/www.strasbourgeauxvives.org\/site\/index.php\/wp-json\/wp\/v2\/comments?post=945"}],"version-history":[{"count":0,"href":"https:\/\/www.strasbourgeauxvives.org\/site\/index.php\/wp-json\/wp\/v2\/posts\/945\/revisions"}],"wp:attachment":[{"href":"https:\/\/www.strasbourgeauxvives.org\/site\/index.php\/wp-json\/wp\/v2\/media?parent=945"}],"wp:term":[{"taxonomy":"category","embeddable":true,"href":"https:\/\/www.strasbourgeauxvives.org\/site\/index.php\/wp-json\/wp\/v2\/categories?post=945"},{"taxonomy":"post_tag","embeddable":true,"href":"https:\/\/www.strasbourgeauxvives.org\/site\/index.php\/wp-json\/wp\/v2\/tags?post=945"}],"curies":[{"name":"wp","href":"https:\/\/api.w.org\/{rel}","templated":true}]}}