{"id":965,"date":"2018-11-27T21:51:58","date_gmt":"2018-11-27T20:51:58","guid":{"rendered":"http:\/\/strasbourgeauxvives.org\/site\/?p=965"},"modified":"2019-04-01T17:52:16","modified_gmt":"2019-04-01T15:52:16","slug":"trophee-des-sports-2018","status":"publish","type":"post","link":"https:\/\/www.strasbourgeauxvives.org\/site\/index.php\/2018\/11\/27\/trophee-des-sports-2018\/","title":{"rendered":"Troph\u00e9e des Sports 2018"},"content":{"rendered":"<p style=\"text-align: left;\">Vendredi 23 novembre avait lieu la soir\u00e9e \u00ab\u00a0Troph\u00e9e des Sports 2018\u00a0\u00bb, ou le club a \u00e9t\u00e9 repr\u00e9sent\u00e9 par 5 membres en la pr\u00e9sence de leur entra\u00eeneur Pascal Adam ! L&rsquo;\u00e9v\u00e9nement, organis\u00e9 par le d\u00e9partement et le Comit\u00e9 D\u00e9partemental Olympique et Sportif (<a href=\"http:\/\/basrhin.franceolympique.com\/accueil.php\" target=\"_blank\" rel=\"noopener\">CDOS<\/a>) \u00e0 permis de r\u00e9compenser nos jeunes athl\u00e8tes pour la participation aux comp\u00e9titions suivantes :<\/p>\n<ul>\n<li>\u00a0R\u00e9gate nationale de l&rsquo;espoir de course en ligne<\/li>\n<li>Troph\u00e9e des espoirs<\/li>\n<li>Championnat de France de descente<\/li>\n<\/ul>\n<p>La rel\u00e8ve de notre club se dessine avec nos jeunes qui s&rsquo;investissent au quotidien \u00e0 l&rsquo;entra\u00eenement, et qui nous motivent encore plus \u00e0 ouvrir une section sportive cano\u00eb-kayak !<\/p>\n<p><a href=\"http:\/\/strasbourgeauxvives.org\/site\/wp-content\/uploads\/2018\/11\/20181123_Troph\u00e9esDesSports_Monswiller_JS_0833.jpg\"><img loading=\"lazy\" decoding=\"async\" class=\"size-large wp-image-966 alignnone\" src=\"http:\/\/strasbourgeauxvives.org\/site\/wp-content\/uploads\/2018\/11\/20181123_Troph\u00e9esDesSports_Monswiller_JS_0833-1024x683.jpg\" alt=\"\" width=\"604\" height=\"403\" srcset=\"https:\/\/www.strasbourgeauxvives.org\/site\/wp-content\/uploads\/2018\/11\/20181123_Troph\u00e9esDesSports_Monswiller_JS_0833.jpg 1024w, https:\/\/www.strasbourgeauxvives.org\/site\/wp-content\/uploads\/2018\/11\/20181123_Troph\u00e9esDesSports_Monswiller_JS_0833-300x200.jpg 300w, https:\/\/www.strasbourgeauxvives.org\/site\/wp-content\/uploads\/2018\/11\/20181123_Troph\u00e9esDesSports_Monswiller_JS_0833-768x512.jpg 768w\" sizes=\"auto, (max-width: 604px) 100vw, 604px\" \/><\/a><\/p>\n","protected":false},"excerpt":{"rendered":"<p>Vendredi 23 novembre avait lieu la soir\u00e9e \u00ab\u00a0Troph\u00e9e des Sports 2018\u00a0\u00bb, ou le club a \u00e9t\u00e9 repr\u00e9sent\u00e9 par 5 membres en la pr\u00e9sence de leur entra\u00eeneur Pascal Adam ! L&rsquo;\u00e9v\u00e9nement, organis\u00e9 par le d\u00e9partement et le Comit\u00e9 D\u00e9partemental Olympique et Sportif (CDOS) \u00e0 permis de r\u00e9compenser nos jeunes athl\u00e8tes pour la participation aux comp\u00e9titions suivantes&hellip; <br \/> <a class=\"button small blue\" href=\"https:\/\/www.strasbourgeauxvives.org\/site\/index.php\/2018\/11\/27\/trophee-des-sports-2018\/\">Lire la suite<\/a><\/p>\n","protected":false},"author":2,"featured_media":0,"comment_status":"open","ping_status":"open","sticky":false,"template":"","format":"standard","meta":{"_jetpack_memberships_contains_paid_content":false,"footnotes":""},"categories":[4],"tags":[],"class_list":["post-965","post","type-post","status-publish","format-standard","hentry","category-classe"],"jetpack_featured_media_url":"","jetpack_sharing_enabled":true,"_links":{"self":[{"href":"https:\/\/www.strasbourgeauxvives.org\/site\/index.php\/wp-json\/wp\/v2\/posts\/965","targetHints":{"allow":["GET"]}}],"collection":[{"href":"https:\/\/www.strasbourgeauxvives.org\/site\/index.php\/wp-json\/wp\/v2\/posts"}],"about":[{"href":"https:\/\/www.strasbourgeauxvives.org\/site\/index.php\/wp-json\/wp\/v2\/types\/post"}],"author":[{"embeddable":true,"href":"https:\/\/www.strasbourgeauxvives.org\/site\/index.php\/wp-json\/wp\/v2\/users\/2"}],"replies":[{"embeddable":true,"href":"https:\/\/www.strasbourgeauxvives.org\/site\/index.php\/wp-json\/wp\/v2\/comments?post=965"}],"version-history":[{"count":0,"href":"https:\/\/www.strasbourgeauxvives.org\/site\/index.php\/wp-json\/wp\/v2\/posts\/965\/revisions"}],"wp:attachment":[{"href":"https:\/\/www.strasbourgeauxvives.org\/site\/index.php\/wp-json\/wp\/v2\/media?parent=965"}],"wp:term":[{"taxonomy":"category","embeddable":true,"href":"https:\/\/www.strasbourgeauxvives.org\/site\/index.php\/wp-json\/wp\/v2\/categories?post=965"},{"taxonomy":"post_tag","embeddable":true,"href":"https:\/\/www.strasbourgeauxvives.org\/site\/index.php\/wp-json\/wp\/v2\/tags?post=965"}],"curies":[{"name":"wp","href":"https:\/\/api.w.org\/{rel}","templated":true}]}}